{"id":1660,"date":"2020-12-01T14:58:49","date_gmt":"2020-12-01T13:58:49","guid":{"rendered":"https:\/\/www.eyesen.lu\/fr\/?post_type=actualites&#038;p=1660"},"modified":"2020-12-01T14:58:49","modified_gmt":"2020-12-01T13:58:49","slug":"justificatif-de-deplacement-professionnel","status":"publish","type":"actualites","link":"https:\/\/www.eyesen.lu\/fr\/actualites\/justificatif-de-deplacement-professionnel\/","title":{"rendered":"Justificatif de d\u00e9placement professionnel"},"content":{"rendered":"<p>Votre justificatif de d\u00e9placement professionnel vous a \u00e9t\u00e9 transmis ce jour sur votre adresse email.<\/p>\n<p>Veuillez noter que ce justificatif est <strong><u>valable jusqu\u2019au 15 d\u00e9cembre 2020<\/u><\/strong>.<\/p>\n<p>Pour les personnes ne l\u2019ayant pas encore re\u00e7ue n\u2019h\u00e9sitez pas \u00e0 nous en faire la demande par email \u00e0 l\u2019adresse suivante : <a href=\"mailto:info@eyesen.lu\">info@eyesen.lu<\/a><\/p>\n<p>Si besoin, n\u2019oubliez pas que vous avez toujours la possibilit\u00e9 de t\u00e9l\u00e9charger et compl\u00e9ter l\u2019attestation de d\u00e9placement d\u00e9rogatoire ici m\u00eame\u00a0: <a href=\"https:\/\/media.interieur.gouv.fr\/deplacement-covid-19\/\">https:\/\/media.interieur.gouv.fr\/deplacement-covid-19\/<\/a><\/p>\n<p><strong><em>Prenez soin de vous et de vos proches\u00a0! Respectez les gestes barri\u00e8res\u00a0! <\/em><\/strong><\/p>\n","protected":false},"featured_media":0,"template":"","meta":{"_acf_changed":false,"site-sidebar-layout":"default","site-content-layout":"default","ast-site-content-layout":"","site-content-style":"default","site-sidebar-style":"default","ast-global-header-display":"","ast-banner-title-visibility":"","ast-main-header-display":"","ast-hfb-above-header-display":"","ast-hfb-below-header-display":"","ast-hfb-mobile-header-display":"","site-post-title":"","ast-breadcrumbs-content":"","ast-featured-img":"","footer-sml-layout":"","theme-transparent-header-meta":"default","adv-header-id-meta":"","stick-header-meta":"","header-above-stick-meta":"","header-main-stick-meta":"","header-below-stick-meta":"","astra-migrate-meta-layouts":"default","ast-page-background-enabled":"default","ast-page-background-meta":{"desktop":{"background-color":"","background-image":"","background-repeat":"repeat","background-position":"center center","background-size":"auto","background-attachment":"scroll","background-type":"","background-media":"","overlay-type":"","overlay-color":"","overlay-opacity":"","overlay-gradient":""},"tablet":{"background-color":"","background-image":"","background-repeat":"repeat","background-position":"center center","background-size":"auto","background-attachment":"scroll","background-type":"","background-media":"","overlay-type":"","overlay-color":"","overlay-opacity":"","overlay-gradient":""},"mobile":{"background-color":"","background-image":"","background-repeat":"repeat","background-position":"center center","background-size":"auto","background-attachment":"scroll","background-type":"","background-media":"","overlay-type":"","overlay-color":"","overlay-opacity":"","overlay-gradient":""}},"ast-content-background-meta":{"desktop":{"background-color":"var(--ast-global-color-5)","background-image":"","background-repeat":"repeat","background-position":"center center","background-size":"auto","background-attachment":"scroll","background-type":"","background-media":"","overlay-type":"","overlay-color":"","overlay-opacity":"","overlay-gradient":""},"tablet":{"background-color":"var(--ast-global-color-5)","background-image":"","background-repeat":"repeat","background-position":"center center","background-size":"auto","background-attachment":"scroll","background-type":"","background-media":"","overlay-type":"","overlay-color":"","overlay-opacity":"","overlay-gradient":""},"mobile":{"background-color":"var(--ast-global-color-5)","background-image":"","background-repeat":"repeat","background-position":"center center","background-size":"auto","background-attachment":"scroll","background-type":"","background-media":"","overlay-type":"","overlay-color":"","overlay-opacity":"","overlay-gradient":""}}},"class_list":["post-1660","actualites","type-actualites","status-publish","hentry"],"acf":[],"yoast_head":"<!-- This site is optimized with the Yoast SEO plugin v23.4 - https:\/\/yoast.com\/wordpress\/plugins\/seo\/ -->\n<title>Justificatif de d\u00e9placement professionnel - Eyesen<\/title>\n<meta name=\"robots\" content=\"index, follow, max-snippet:-1, max-image-preview:large, max-video-preview:-1\" \/>\n<link rel=\"canonical\" href=\"https:\/\/www.eyesen.lu\/fr\/actualites\/justificatif-de-deplacement-professionnel\/\" \/>\n<meta property=\"og:locale\" content=\"fr_FR\" \/>\n<meta property=\"og:type\" content=\"article\" \/>\n<meta property=\"og:title\" content=\"Justificatif de d\u00e9placement professionnel - Eyesen\" \/>\n<meta property=\"og:description\" content=\"Votre justificatif de d\u00e9placement professionnel vous a \u00e9t\u00e9 transmis ce jour sur votre adresse email. Veuillez noter que ce justificatif est valable jusqu\u2019au 15 d\u00e9cembre 2020. Pour les personnes ne l\u2019ayant pas encore re\u00e7ue n\u2019h\u00e9sitez pas \u00e0 nous en faire la demande par email \u00e0 l\u2019adresse suivante : info@eyesen.lu Si besoin, n\u2019oubliez pas que vous [&hellip;]\" \/>\n<meta property=\"og:url\" content=\"https:\/\/www.eyesen.lu\/fr\/actualites\/justificatif-de-deplacement-professionnel\/\" \/>\n<meta property=\"og:site_name\" content=\"Eyesen\" \/>\n<meta name=\"twitter:card\" content=\"summary_large_image\" \/>\n<meta name=\"twitter:label1\" content=\"Dur\u00e9e de lecture estim\u00e9e\" \/>\n\t<meta name=\"twitter:data1\" content=\"1 minute\" \/>\n<script type=\"application\/ld+json\" class=\"yoast-schema-graph\">{\"@context\":\"https:\/\/schema.org\",\"@graph\":[{\"@type\":\"WebPage\",\"@id\":\"https:\/\/www.eyesen.lu\/fr\/actualites\/justificatif-de-deplacement-professionnel\/\",\"url\":\"https:\/\/www.eyesen.lu\/fr\/actualites\/justificatif-de-deplacement-professionnel\/\",\"name\":\"Justificatif de d\u00e9placement professionnel - Eyesen\",\"isPartOf\":{\"@id\":\"https:\/\/www.eyesen.lu\/fr\/#website\"},\"datePublished\":\"2020-12-01T13:58:49+00:00\",\"dateModified\":\"2020-12-01T13:58:49+00:00\",\"breadcrumb\":{\"@id\":\"https:\/\/www.eyesen.lu\/fr\/actualites\/justificatif-de-deplacement-professionnel\/#breadcrumb\"},\"inLanguage\":\"fr-FR\",\"potentialAction\":[{\"@type\":\"ReadAction\",\"target\":[\"https:\/\/www.eyesen.lu\/fr\/actualites\/justificatif-de-deplacement-professionnel\/\"]}]},{\"@type\":\"BreadcrumbList\",\"@id\":\"https:\/\/www.eyesen.lu\/fr\/actualites\/justificatif-de-deplacement-professionnel\/#breadcrumb\",\"itemListElement\":[{\"@type\":\"ListItem\",\"position\":1,\"name\":\"Accueil\",\"item\":\"https:\/\/www.eyesen.lu\/fr\/\"},{\"@type\":\"ListItem\",\"position\":2,\"name\":\"Justificatif de d\u00e9placement professionnel\"}]},{\"@type\":\"WebSite\",\"@id\":\"https:\/\/www.eyesen.lu\/fr\/#website\",\"url\":\"https:\/\/www.eyesen.lu\/fr\/\",\"name\":\"Eyesen\",\"description\":\"Un site utilisant WordPress\",\"potentialAction\":[{\"@type\":\"SearchAction\",\"target\":{\"@type\":\"EntryPoint\",\"urlTemplate\":\"https:\/\/www.eyesen.lu\/fr\/?s={search_term_string}\"},\"query-input\":{\"@type\":\"PropertyValueSpecification\",\"valueRequired\":true,\"valueName\":\"search_term_string\"}}],\"inLanguage\":\"fr-FR\"}]}<\/script>\n<!-- \/ Yoast SEO plugin. -->","yoast_head_json":{"title":"Justificatif de d\u00e9placement professionnel - Eyesen","robots":{"index":"index","follow":"follow","max-snippet":"max-snippet:-1","max-image-preview":"max-image-preview:large","max-video-preview":"max-video-preview:-1"},"canonical":"https:\/\/www.eyesen.lu\/fr\/actualites\/justificatif-de-deplacement-professionnel\/","og_locale":"fr_FR","og_type":"article","og_title":"Justificatif de d\u00e9placement professionnel - Eyesen","og_description":"Votre justificatif de d\u00e9placement professionnel vous a \u00e9t\u00e9 transmis ce jour sur votre adresse email. Veuillez noter que ce justificatif est valable jusqu\u2019au 15 d\u00e9cembre 2020. Pour les personnes ne l\u2019ayant pas encore re\u00e7ue n\u2019h\u00e9sitez pas \u00e0 nous en faire la demande par email \u00e0 l\u2019adresse suivante : info@eyesen.lu Si besoin, n\u2019oubliez pas que vous [&hellip;]","og_url":"https:\/\/www.eyesen.lu\/fr\/actualites\/justificatif-de-deplacement-professionnel\/","og_site_name":"Eyesen","twitter_card":"summary_large_image","twitter_misc":{"Dur\u00e9e de lecture estim\u00e9e":"1 minute"},"schema":{"@context":"https:\/\/schema.org","@graph":[{"@type":"WebPage","@id":"https:\/\/www.eyesen.lu\/fr\/actualites\/justificatif-de-deplacement-professionnel\/","url":"https:\/\/www.eyesen.lu\/fr\/actualites\/justificatif-de-deplacement-professionnel\/","name":"Justificatif de d\u00e9placement professionnel - Eyesen","isPartOf":{"@id":"https:\/\/www.eyesen.lu\/fr\/#website"},"datePublished":"2020-12-01T13:58:49+00:00","dateModified":"2020-12-01T13:58:49+00:00","breadcrumb":{"@id":"https:\/\/www.eyesen.lu\/fr\/actualites\/justificatif-de-deplacement-professionnel\/#breadcrumb"},"inLanguage":"fr-FR","potentialAction":[{"@type":"ReadAction","target":["https:\/\/www.eyesen.lu\/fr\/actualites\/justificatif-de-deplacement-professionnel\/"]}]},{"@type":"BreadcrumbList","@id":"https:\/\/www.eyesen.lu\/fr\/actualites\/justificatif-de-deplacement-professionnel\/#breadcrumb","itemListElement":[{"@type":"ListItem","position":1,"name":"Accueil","item":"https:\/\/www.eyesen.lu\/fr\/"},{"@type":"ListItem","position":2,"name":"Justificatif de d\u00e9placement professionnel"}]},{"@type":"WebSite","@id":"https:\/\/www.eyesen.lu\/fr\/#website","url":"https:\/\/www.eyesen.lu\/fr\/","name":"Eyesen","description":"Un site utilisant WordPress","potentialAction":[{"@type":"SearchAction","target":{"@type":"EntryPoint","urlTemplate":"https:\/\/www.eyesen.lu\/fr\/?s={search_term_string}"},"query-input":{"@type":"PropertyValueSpecification","valueRequired":true,"valueName":"search_term_string"}}],"inLanguage":"fr-FR"}]}},"_links":{"self":[{"href":"https:\/\/www.eyesen.lu\/fr\/wp-json\/wp\/v2\/actualites\/1660"}],"collection":[{"href":"https:\/\/www.eyesen.lu\/fr\/wp-json\/wp\/v2\/actualites"}],"about":[{"href":"https:\/\/www.eyesen.lu\/fr\/wp-json\/wp\/v2\/types\/actualites"}],"wp:attachment":[{"href":"https:\/\/www.eyesen.lu\/fr\/wp-json\/wp\/v2\/media?parent=1660"}],"curies":[{"name":"wp","href":"https:\/\/api.w.org\/{rel}","templated":true}]}}